{"id":401,"date":"2025-10-28T12:05:14","date_gmt":"2025-10-28T10:05:14","guid":{"rendered":"https:\/\/bile.dk\/info\/?p=401"},"modified":"2025-11-04T12:58:20","modified_gmt":"2025-11-04T10:58:20","slug":"sommerdaek-vs-vinterdaek-nye-regler-og-alt-du-boer-vide","status":"publish","type":"post","link":"https:\/\/bile.dk\/info\/sommerdaek-vs-vinterdaek-nye-regler-og-alt-du-boer-vide\/","title":{"rendered":"Sommerd\u00e6k vinterd\u00e6k regler"},"content":{"rendered":"\n<div class=\"wp-block-columns is-layout-flex wp-container-core-columns-is-layout-28f84493 wp-block-columns-is-layout-flex\">\n<div class=\"wp-block-column is-layout-flow wp-block-column-is-layout-flow\">\n<figure class=\"wp-block-image aligncenter size-full\"><img fetchpriority=\"high\" decoding=\"async\" width=\"700\" height=\"599\" src=\"https:\/\/bile.dk\/info\/wp-content\/uploads\/2025\/10\/127.jpg\" alt=\"\" class=\"wp-image-402\" srcset=\"https:\/\/bile.dk\/info\/wp-content\/uploads\/2025\/10\/127.jpg 700w, https:\/\/bile.dk\/info\/wp-content\/uploads\/2025\/10\/127-300x257.jpg 300w\" sizes=\"(max-width: 700px) 100vw, 700px\" \/><\/figure>\n<\/div>\n\n\n\n<div class=\"wp-block-column is-layout-flow wp-block-column-is-layout-flow\">\n<h2 class=\"wp-block-heading\">Sommerd\u00e6k vs. vinterd\u00e6k \u2013 Nye regler, og alt du b\u00f8r vide<\/h2>\n\n\n\n<p>N\u00e5r temperaturerne falder, og vinteren begynder at g\u00f8re sit indtog, bliver valget af d\u00e6k ikke bare et sp\u00f8rgsm\u00e5l om komfort eller \u00f8konomi \u2013 det bliver et sp\u00f8rgsm\u00e5l om sikkerhed. For mange bilister i Danmark bliver sp\u00f8rgsm\u00e5let: skal jeg skifte til vinterd\u00e6k \u2013 og hvis ja, hvorn\u00e5r? Selv om der i Danmark ikke er krav om at montere vinterd\u00e6k p\u00e5 bestemte datoer, s\u00e5 er der kommet nye regler og et strengere fokus p\u00e5 at k\u00f8re med <strong>egnede d\u00e6k i vinterf\u00f8re<\/strong>.<\/p>\n\n\n\n<p>I denne artikel gennemg\u00e5r vi:<\/p>\n\n\n\n<ul class=\"wp-block-list\">\n<li>forskellen mellem sommer-, vinter- og hel\u00e5rsd\u00e6k<\/li>\n\n\n\n<li>hvordan de opf\u00f8rer sig i vinterf\u00f8re<\/li>\n\n\n\n<li>g\u00e6ldende regler i Danmark \u2013 og hvad der \u00e6ndres<\/li>\n\n\n\n<li>tips til hvorn\u00e5r du skal skifte og hvordan du v\u00e6lger det rigtige d\u00e6k<\/li>\n<\/ul>\n<\/div>\n<\/div>\n\n\n\n<div style=\"height:50px\" aria-hidden=\"true\" class=\"wp-block-spacer\"><\/div>\n\n\n\n<h2 class=\"wp-block-heading has-text-align-center\">Hvordan klarer d\u00e6kkene sig p\u00e5 is?<\/h2>\n\n\n\n<div class=\"wp-block-columns is-layout-flex wp-container-core-columns-is-layout-28f84493 wp-block-columns-is-layout-flex\">\n<div class=\"wp-block-column is-layout-flow wp-block-column-is-layout-flow\" style=\"flex-basis:60%\">\n<p class=\"has-text-align-left\"><strong>Hvordan klarer d\u00e6kkene sig p\u00e5 is? Se short videoen her!<\/strong><\/p>\n\n\n\n<ul class=\"wp-block-list\">\n<li><strong>Sommerd\u00e6k<\/strong>: Mister hurtigt vejgreb, bremsel\u00e6ngden \u00f8ges, og det bliver farligt at dreje i sving.<\/li>\n\n\n\n<li><strong>Hel\u00e5rsd\u00e6k<\/strong>: Er et kompromis, yder bedre end sommerd\u00e6k, men opn\u00e5r ikke maksimal ydeevne p\u00e5 is.<\/li>\n\n\n\n<li><strong>Vinterd\u00e6k<\/strong>: Specielt designet til lave temperaturer og glatte overflader, giver den bedste bremse- og svingstabilitet.<\/li>\n<\/ul>\n\n\n\n<p>Du kan bruge denne tekst direkte som speak eller undertekst til videoen \u2013 evt. supplere med korte klip eller grafik hvor man ser forskellen (sommer\/hel\u00e5r\/vinter) p\u00e5 is. En id\u00e9 er at tilf\u00f8je grafik som viser bremsel\u00e6ngde fra f.eks. 50 km\/t til 0 med de forskellige d\u00e6ktyper \u2013 det giver et visuelt \u201cwow\u201d til seeren.<\/p>\n<\/div>\n\n\n\n<div class=\"wp-block-column is-layout-flow wp-block-column-is-layout-flow\" style=\"flex-basis:40%\">\n<figure class=\"wp-block-embed is-type-video is-provider-youtube wp-block-embed-youtube wp-embed-aspect-9-16 wp-has-aspect-ratio\"><div class=\"wp-block-embed__wrapper\">\n<iframe title=\"Hvordan klarer d\u00e6k sig p\u00e5 is - Bile.dk S\u00e6lg \/ k\u00f8b biler gratis, ogs\u00e5 som forhandler\" width=\"563\" height=\"1000\" data-src=\"https:\/\/www.youtube.com\/embed\/Rgiiy3hWqxo?feature=oembed\" frameborder=\"0\" allow=\"accelerometer; autoplay; clipboard-write; encrypted-media; gyroscope; picture-in-picture; web-share\" referrerpolicy=\"strict-origin-when-cross-origin\" allowfullscreen src=\"data:image\/svg+xml;base64,PHN2ZyB3aWR0aD0iMSIgaGVpZ2h0PSIxIiB4bWxucz0iaHR0cDovL3d3dy53My5vcmcvMjAwMC9zdmciPjwvc3ZnPg==\" class=\"lazyload\" data-load-mode=\"1\"><\/iframe>\n<\/div><\/figure>\n<\/div>\n<\/div>\n\n\n\n<blockquote class=\"wp-block-quote is-layout-flow wp-block-quote-is-layout-flow\">\n<p><\/p>\n<\/blockquote>\n\n\n\n<div style=\"height:50px\" aria-hidden=\"true\" class=\"wp-block-spacer\"><\/div>\n\n\n\n<figure class=\"wp-block-image aligncenter size-full is-resized\"><img decoding=\"async\" width=\"955\" height=\"500\" data-src=\"https:\/\/bile.dk\/info\/wp-content\/uploads\/2025\/10\/og-60.jpg\" alt=\"\" class=\"wp-image-417 lazyload\" style=\"--smush-placeholder-width: 955px; --smush-placeholder-aspect-ratio: 955\/500;width:422px;height:auto\" data-srcset=\"https:\/\/bile.dk\/info\/wp-content\/uploads\/2025\/10\/og-60.jpg 955w, https:\/\/bile.dk\/info\/wp-content\/uploads\/2025\/10\/og-60-300x157.jpg 300w, https:\/\/bile.dk\/info\/wp-content\/uploads\/2025\/10\/og-60-768x402.jpg 768w\" data-sizes=\"(max-width: 955px) 100vw, 955px\" src=\"data:image\/svg+xml;base64,PHN2ZyB3aWR0aD0iMSIgaGVpZ2h0PSIxIiB4bWxucz0iaHR0cDovL3d3dy53My5vcmcvMjAwMC9zdmciPjwvc3ZnPg==\" \/><\/figure>\n\n\n\n<h2 class=\"wp-block-heading has-text-align-center\">Forskellen p\u00e5 sommerd\u00e6k, vinterd\u00e6k og hel\u00e5rsd\u00e6k<\/h2>\n\n\n\n<h3 class=\"wp-block-heading\">Sommerd\u00e6k <\/h3>\n\n\n\n<p>Sommerd\u00e6k er designet til varme temperaturer, t\u00f8r vej og v\u00e5d asfalt uden is eller sne. Karakteristika:<\/p>\n\n\n\n<ul class=\"wp-block-list\">\n<li>En h\u00e5rdere gummiblanding, som bevarer stivhed ved varme veje.<\/li>\n\n\n\n<li>Slidbanem\u00f8nster optimeret til at lede vand v\u00e6k (mod akvaplaning) fremfor at grave sig ned i sne.<\/li>\n\n\n\n<li>Ved lave temperaturer bliver gummien hurtigt stiv \u2013 og grebet falder betydeligt. <a href=\"https:\/\/www.michelin.dk\/auto\/rad\/vinterdaek-guide\/kan-du-koere-med-vinterdaek-om-sommeren?utm_source=chatgpt.com\" target=\"_blank\" rel=\"noreferrer noopener\">michelin.dk<\/a><br>Fordele: God ydeevne ved varme og v\u00e5de forhold (sommerhalv\u00e5r). Ulempe: P\u00e5 kold vej, is eller sne fungerer de d\u00e5rligt.<\/li>\n<\/ul>\n\n\n\n<h3 class=\"wp-block-heading\">Vinterd\u00e6k<\/h3>\n\n\n\n<p>Vinterd\u00e6k er specifikt udviklet til kolde temperaturer, glat vej, sne og is \u2013 og de g\u00f8r en markant forskel i de forhold. Karakteristika:<\/p>\n\n\n\n<ul class=\"wp-block-list\">\n<li>Bl\u00f8dere gummiblanding, der forbliver fleksibel ved lave temperaturer og dermed opn\u00e5r bedre vejgreb.<\/li>\n\n\n\n<li>Dybere slidbanem\u00f8nster med lameller (sm\u00e5 snit i slidbaneblokke) for at kunne bide i sne og slippe vand\/slud.<\/li>\n\n\n\n<li>Ofte m\u00e6rket med M+S (\u201cMud + Snow\u201d) og\/eller med bjerg- og snefnugsymbolet (3PMSF), hvis det er godkendt til vintervejforhold.<br>Fordele: Klarer is, sne og koldt f\u00f8rebane langt bedre end sommerd\u00e6k. Ulempe: P\u00e5 varme veje slides de hurtigere, kan v\u00e6re mere st\u00f8jende, og br\u00e6ndstofforbruget kan v\u00e6re h\u00f8jere.<\/li>\n<\/ul>\n\n\n\n<h3 class=\"wp-block-heading\">Hel\u00e5rsd\u00e6k<\/h3>\n\n\n\n<p>Hel\u00e5rsd\u00e6k (ogs\u00e5 kaldet \u201call season\u201d) er et kompromis mellem sommer- og vinterd\u00e6k. De henvender sig til bilister, der \u00f8nsker \u00e9t s\u00e6t d\u00e6k hele \u00e5ret. Karakteristika:<\/p>\n\n\n\n<ul class=\"wp-block-list\">\n<li>Mellembl\u00f8d gummiblanding, og slidbanem\u00f8nster en mellemting mellem sommer og vinter.<\/li>\n\n\n\n<li>M\u00e6rket typisk med M+S, nogle gange ogs\u00e5 med 3PMSF.<\/li>\n\n\n\n<li>I danske forhold kan de fungere acceptabelt, men de matcher typisk <strong>ikke<\/strong> de bedste vinterd\u00e6k i decideret vinterf\u00f8re \u2013 is\u00e6r ikke p\u00e5 is.<br>Hvis du k\u00f8rer meget i omr\u00e5der med rigtig vinter (sne, is, klipper, fjeld) kan hel\u00e5rsd\u00e6k v\u00e6re et kompromis, men <strong>ikke<\/strong> det ideelle valg.<\/li>\n<\/ul>\n\n\n\n<figure class=\"wp-block-image aligncenter size-full is-resized\"><img decoding=\"async\" width=\"760\" height=\"530\" data-src=\"https:\/\/bile.dk\/info\/wp-content\/uploads\/2025\/10\/sommerdaek-vs-vinterdaek.jpg\" alt=\"\" class=\"wp-image-404 lazyload\" style=\"--smush-placeholder-width: 760px; --smush-placeholder-aspect-ratio: 760\/530;width:515px;height:auto\" data-srcset=\"https:\/\/bile.dk\/info\/wp-content\/uploads\/2025\/10\/sommerdaek-vs-vinterdaek.jpg 760w, https:\/\/bile.dk\/info\/wp-content\/uploads\/2025\/10\/sommerdaek-vs-vinterdaek-300x209.jpg 300w\" data-sizes=\"(max-width: 760px) 100vw, 760px\" src=\"data:image\/svg+xml;base64,PHN2ZyB3aWR0aD0iMSIgaGVpZ2h0PSIxIiB4bWxucz0iaHR0cDovL3d3dy53My5vcmcvMjAwMC9zdmciPjwvc3ZnPg==\" \/><\/figure>\n\n\n\n<hr class=\"wp-block-separator has-alpha-channel-opacity is-style-dots\"\/>\n\n\n\n<div style=\"height:50px\" aria-hidden=\"true\" class=\"wp-block-spacer\"><\/div>\n\n\n\n<h2 class=\"wp-block-heading has-text-align-center\">Hvorfor betyder d\u00e6ktype s\u00e5 meget i vinterf\u00f8re?<\/h2>\n\n\n\n<figure class=\"wp-block-image size-large\"><img decoding=\"async\" width=\"1024\" height=\"667\" data-src=\"https:\/\/bile.dk\/info\/wp-content\/uploads\/2025\/10\/Test-sommerdaek-2025-1024x667.jpg\" alt=\"\" class=\"wp-image-405 lazyload\" data-srcset=\"https:\/\/bile.dk\/info\/wp-content\/uploads\/2025\/10\/Test-sommerdaek-2025-1024x667.jpg 1024w, https:\/\/bile.dk\/info\/wp-content\/uploads\/2025\/10\/Test-sommerdaek-2025-300x195.jpg 300w, https:\/\/bile.dk\/info\/wp-content\/uploads\/2025\/10\/Test-sommerdaek-2025-768x500.jpg 768w, https:\/\/bile.dk\/info\/wp-content\/uploads\/2025\/10\/Test-sommerdaek-2025.jpg 1280w\" data-sizes=\"(max-width: 1024px) 100vw, 1024px\" src=\"data:image\/svg+xml;base64,PHN2ZyB3aWR0aD0iMSIgaGVpZ2h0PSIxIiB4bWxucz0iaHR0cDovL3d3dy53My5vcmcvMjAwMC9zdmciPjwvc3ZnPg==\" style=\"--smush-placeholder-width: 1024px; --smush-placeholder-aspect-ratio: 1024\/667;\" \/><\/figure>\n\n\n\n<figure class=\"wp-block-image size-large\"><img decoding=\"async\" width=\"1024\" height=\"396\" data-src=\"https:\/\/bile.dk\/info\/wp-content\/uploads\/2025\/10\/bremselaengde-paa-sne-1024x396.jpg\" alt=\"\" class=\"wp-image-406 lazyload\" data-srcset=\"https:\/\/bile.dk\/info\/wp-content\/uploads\/2025\/10\/bremselaengde-paa-sne-1024x396.jpg 1024w, https:\/\/bile.dk\/info\/wp-content\/uploads\/2025\/10\/bremselaengde-paa-sne-300x116.jpg 300w, https:\/\/bile.dk\/info\/wp-content\/uploads\/2025\/10\/bremselaengde-paa-sne-768x297.jpg 768w, https:\/\/bile.dk\/info\/wp-content\/uploads\/2025\/10\/bremselaengde-paa-sne-1536x594.jpg 1536w, https:\/\/bile.dk\/info\/wp-content\/uploads\/2025\/10\/bremselaengde-paa-sne.jpg 2000w\" data-sizes=\"(max-width: 1024px) 100vw, 1024px\" src=\"data:image\/svg+xml;base64,PHN2ZyB3aWR0aD0iMSIgaGVpZ2h0PSIxIiB4bWxucz0iaHR0cDovL3d3dy53My5vcmcvMjAwMC9zdmciPjwvc3ZnPg==\" style=\"--smush-placeholder-width: 1024px; --smush-placeholder-aspect-ratio: 1024\/396;\" \/><\/figure>\n\n\n\n<p>Der er flere faktorer, som g\u00f8r, at den rigtige d\u00e6ktype er s\u00e6rdeles vigtig, n\u00e5r vejbanen bliver kold, v\u00e5d, d\u00e6kket af sjap, sne eller is:<\/p>\n\n\n\n<ul class=\"wp-block-list\">\n<li><strong>Grebsniveau og bremsel\u00e6ngde<\/strong>: En test viser, at vinterd\u00e6k giver markant kortere bremsel\u00e6ngde end sommerd\u00e6k i kolde, frosne eller v\u00e5de forhold.<\/li>\n\n\n\n<li><strong>Temperaturafh\u00e6ngig gummi<\/strong>: Hvis d\u00e6kket bliver for stift (som det ofte sker med sommerd\u00e6k ved under ~7 \u00b0C) s\u00e5 falder grebet markant.<\/li>\n\n\n\n<li><strong>Vejbanens tilstand<\/strong>: Sne, is og sjap \u2013 samt salt og vand \u2013 kr\u00e6ver, at d\u00e6kket kan arbejde med overfladen og ikke blot glider. Vinterd\u00e6k har lameller og m\u00f8nster der kan \u201cgrave\u201d og slippe vand og slud.<\/li>\n\n\n\n<li><strong>Sikkerhedsmargin<\/strong>: I Danmark har organisationer som FDM og andre advaret mod at k\u00f8re p\u00e5 sommerd\u00e6k i vinterf\u00f8re, fordi det \u00f8ger risikoen for ulykker.<\/li>\n<\/ul>\n\n\n\n<p>Kort sagt: selv om du \u201ckan\u201d komme igennem en vinter p\u00e5 sommerd\u00e6k eller hel\u00e5rsd\u00e6k, s\u00e5 \u00f8ger du din risiko betydeligt \u2013 og det er ikke kun \u201cteori\u201d men testet dokumenteret.<\/p>\n\n\n\n<hr class=\"wp-block-separator has-alpha-channel-opacity is-style-dots\"\/>\n\n\n\n<div style=\"height:50px\" aria-hidden=\"true\" class=\"wp-block-spacer\"><\/div>\n\n\n\n<h2 class=\"wp-block-heading has-text-align-center\">G\u00e6ldende regler i Danmark + nye regler<\/h2>\n\n\n\n<figure class=\"wp-block-image size-large\"><img decoding=\"async\" width=\"1024\" height=\"310\" data-src=\"https:\/\/bile.dk\/info\/wp-content\/uploads\/2025\/10\/norden-vinterdaek-e1761650497940-1024x310.png\" alt=\"\" class=\"wp-image-408 lazyload\" data-srcset=\"https:\/\/bile.dk\/info\/wp-content\/uploads\/2025\/10\/norden-vinterdaek-e1761650497940-1024x310.png 1024w, https:\/\/bile.dk\/info\/wp-content\/uploads\/2025\/10\/norden-vinterdaek-e1761650497940-300x91.png 300w, https:\/\/bile.dk\/info\/wp-content\/uploads\/2025\/10\/norden-vinterdaek-e1761650497940-768x233.png 768w, https:\/\/bile.dk\/info\/wp-content\/uploads\/2025\/10\/norden-vinterdaek-e1761650497940-1536x466.png 1536w, https:\/\/bile.dk\/info\/wp-content\/uploads\/2025\/10\/norden-vinterdaek-e1761650497940.png 1600w\" data-sizes=\"(max-width: 1024px) 100vw, 1024px\" src=\"data:image\/svg+xml;base64,PHN2ZyB3aWR0aD0iMSIgaGVpZ2h0PSIxIiB4bWxucz0iaHR0cDovL3d3dy53My5vcmcvMjAwMC9zdmciPjwvc3ZnPg==\" style=\"--smush-placeholder-width: 1024px; --smush-placeholder-aspect-ratio: 1024\/310;\" \/><\/figure>\n\n\n\n<h3 class=\"wp-block-heading\">Nuv\u00e6rende danske regler<\/h3>\n\n\n\n<ul class=\"wp-block-list\">\n<li>I Danmark er der <strong>ikke et generelt krav<\/strong> om, at personbiler skal k\u00f8re med vinterd\u00e6k i \u00e9n fast periode.<\/li>\n\n\n\n<li>Det er dog et krav, at d\u00e6kkene skal v\u00e6re egnede til f\u00f8ret \u2013 dvs. du m\u00e5 ikke k\u00f8re med \u201c\u00e5benbart uegnede d\u00e6k\u201d. <\/li>\n\n\n\n<li>Mindste tilladte m\u00f8nsterdybde hele \u00e5ret for person- og varebiler er 1,6 mm. <\/li>\n\n\n\n<li>Det er ikke tilladt at blande sommerd\u00e6k og vinterd\u00e6k\/hel\u00e5rsd\u00e6k \u2013 alle hjul skal v\u00e6re samme type.<\/li>\n<\/ul>\n\n\n\n<h3 class=\"wp-block-heading\">Nye regler der er p\u00e5 vej<\/h3>\n\n\n\n<ul class=\"wp-block-list\">\n<li>Der er politisk vedtaget (eller ved at blive vedtaget) \u00e6ndringer, som betyder, at hvis du k\u00f8rer i vinterf\u00f8re (sne, is, sjap) med sommerd\u00e6k, s\u00e5 risikerer du <strong>b\u00f8de<\/strong> \u2013 fordi d\u00e6kkene vil blive betragtet som \u201c\u00e5benbart uegnede\u201d.<\/li>\n\n\n\n<li>If\u00f8lge artikel fra oktober 2024: \u201cN\u00e6ste vinter kan sommerd\u00e6k i vinterf\u00f8re give b\u00f8de\u201d. <\/li>\n\n\n\n<li>Desuden viser test fra FDM at mange vinterd\u00e6k <strong>dumper<\/strong> \u2013 dvs. selv nogle vinterd\u00e6k er ikke gode nok til dansk vinterf\u00f8re. <a href=\"https:\/\/fdm.dk\/vinterdaek-dumper-paa-stribe-ny-test?utm_source=chatgpt.com\" target=\"_blank\" rel=\"noreferrer noopener\">FDM<\/a><\/li>\n<\/ul>\n\n\n\n<h3 class=\"wp-block-heading\">Om b\u00f8der og kontrol<\/h3>\n\n\n\n<p>Det er v\u00e6rd at bem\u00e6rke, at selvom det ikke siger \u201cdu skal have m\u00e6rket 3PMSF\u201d, s\u00e5 siger lovgivningen, at d\u00e6kkene skal v\u00e6re egnede til f\u00f8ret \u2013 og hvis politiet stopper dig eller du involveres i ulykke og dine d\u00e6k er vurderet som uegnede, kan det koste.<br>Der er omtalt b\u00f8der p\u00e5 <strong>1.000 kroner per d\u00e6k<\/strong>, hvis bilen har \u201cuegnede\u201d d\u00e6k og bliver standset. (Bem\u00e6rk: Det er n\u00f8dvendigt at verificere pr\u00e6cis paragraf og praksis hos politiet \u2013 men det er et signal om sk\u00e6rpet fokus).<\/p>\n\n\n\n<h3 class=\"wp-block-heading\">Vigtige noter<\/h3>\n\n\n\n<ul class=\"wp-block-list\">\n<li>Selv om m\u00e6rket M+S tidligere var anset som \u201cvinterd\u00e6k\u201d, s\u00e5 begynder flere lande (og dermed ogs\u00e5 forsikrings-\/sikkerhedsorganisationer) at forlange 3PMSF symbolet.<\/li>\n\n\n\n<li>Hvis du k\u00f8rer i udlandet (fx Sverige, Tyskland, \u00d8strig) s\u00e5 g\u00e6lder der andre\/strammere regler \u2013 dvs. selv om du er \u201clovlig\u201d i Danmark, kan du risikere b\u00f8de i udlandet hvis du har sommerd\u00e6k i vinterf\u00f8re.<\/li>\n<\/ul>\n\n\n\n<hr class=\"wp-block-separator has-alpha-channel-opacity is-style-dots\"\/>\n\n\n\n<div style=\"height:50px\" aria-hidden=\"true\" class=\"wp-block-spacer\"><\/div>\n\n\n\n<h2 class=\"wp-block-heading has-text-align-center\">Hvorn\u00e5r skal du skifte til vinterd\u00e6k \u2013 og hvorn\u00e5r tilbage?<\/h2>\n\n\n\n<figure class=\"wp-block-image\"><img decoding=\"async\" data-src=\"https:\/\/www.firststop.dk\/media\/klppqsni\/3-oct-temperature-dropping-below-7-c-1200x750.jpg\" alt=\"https:\/\/www.firststop.dk\/media\/klppqsni\/3-oct-temperature-dropping-below-7-c-1200x750.jpg\" src=\"data:image\/svg+xml;base64,PHN2ZyB3aWR0aD0iMSIgaGVpZ2h0PSIxIiB4bWxucz0iaHR0cDovL3d3dy53My5vcmcvMjAwMC9zdmciPjwvc3ZnPg==\" class=\"lazyload\" style=\"--smush-placeholder-width: 1200px; --smush-placeholder-aspect-ratio: 1200\/750;\" \/><\/figure>\n\n\n\n<h3 class=\"wp-block-heading\">Hvorn\u00e5r skifter man til vinterd\u00e6k?<\/h3>\n\n\n\n<p>Der er ikke \u00e9n magisk dato, men tommelfingerregler:<\/p>\n\n\n\n<ul class=\"wp-block-list\">\n<li>S\u00e5 snart vejtemperaturen begynder at ligge under ca. <strong>7 \u00b0C<\/strong> regelm\u00e6ssigt, anbefales det at skifte til vinterd\u00e6k. <\/li>\n\n\n\n<li>Mange d\u00e6kcentre anbefaler at f\u00e5 skiftet d\u00e6k i \u201cgod tid\u201d f\u00f8r sneen kommer \u2013 for at undg\u00e5 k\u00f8 og ventetid. <\/li>\n\n\n\n<li>Hvis du k\u00f8rer til omr\u00e5der med sne, is, eller meget nattefrost \u2013 skift tidligt og v\u00e6r klar.<\/li>\n<\/ul>\n\n\n\n<h3 class=\"wp-block-heading\">Hvorn\u00e5r skifter man tilbage til sommerd\u00e6k?<\/h3>\n\n\n\n<ul class=\"wp-block-list\">\n<li>N\u00e5r temperaturen stiger og vejbanen bliver varm, begynder vinterd\u00e6k at slide hurtigere og give ringere ydeevne (s\u00e5vel i greb som \u00f8konomi).<\/li>\n\n\n\n<li>Hvis du har v\u00e6ret ude for vinterk\u00f8rsel: tjek d\u00e6kslid og tilstand f\u00f8r du genbruger vinterd\u00e6kkene n\u00e6ste \u00e5r. Der er ikke juridisk maksimumsalder p\u00e5 d\u00e6k-brug, men anbefalinger om at d\u00e6k \u00e6ldre end 6-10 \u00e5r b\u00f8r skiftes.<\/li>\n<\/ul>\n\n\n\n<h3 class=\"wp-block-heading\">Praktiske tips<\/h3>\n\n\n\n<ul class=\"wp-block-list\">\n<li>Husk at skifte <strong>alle fire hjul<\/strong> til samme type \u2013 sommer, vinter eller hel\u00e5r. Du m\u00e5 ikke k\u00f8re med blandede typer.<\/li>\n\n\n\n<li>Tilpas d\u00e6ktryk og tjek m\u00f8nsterdybden \u2013 is\u00e6r vinterd\u00e6k b\u00f8r have god dybde for at v\u00e6re effektive.<\/li>\n\n\n\n<li>Opbevar ikke d\u00e6kkene i direkte sol og varme \u2013 det skader gummien og reducerer levetiden.<\/li>\n<\/ul>\n\n\n\n<hr class=\"wp-block-separator has-alpha-channel-opacity is-style-dots\"\/>\n\n\n\n<h2 class=\"wp-block-heading\">Hvad sker der hvis du k\u00f8rer med \u00abuegnede d\u00e6k\u00bb i vinterf\u00f8re?<\/h2>\n\n\n\n<p>Hvis du k\u00f8rer i vinterf\u00f8re (sne, is, sjap) med sommerd\u00e6k \u2013 og de vurderes som <strong>\u00e5benbart uegnede<\/strong>, kan det resultere i b\u00f8de og\/eller indsk\u00e6rpning fra politiet.<\/p>\n\n\n\n<ul class=\"wp-block-list\">\n<li>Ved en kontrol kan politiet kr\u00e6ve at holdet ikke forts\u00e6tter, eller at man skifter d\u00e6k \u2013 hvis det vurderes at d\u00e6kkene ikke er egnede til f\u00f8ret.<\/li>\n\n\n\n<li>Hvis du er involveret i et uheld og dine d\u00e6k vurderes som v\u00e6sentlig \u00e5rsag (f.eks. for langt bremsel\u00e6ngde, manglende vejgreb) kan det f\u00e5 betydning for forsikring og ansvar.<\/li>\n\n\n\n<li>Derfor: risikoen er ikke kun trafikb\u00f8der men ogs\u00e5 \u00f8get sikkerhedsrisiko og potentielt \u00f8konomisk ansvar.<\/li>\n<\/ul>\n\n\n\n<hr class=\"wp-block-separator has-alpha-channel-opacity is-style-dots\"\/>\n\n\n\n<h2 class=\"wp-block-heading\">V\u00e6lg de rigtige d\u00e6k \u2013 hvordan g\u00f8r du?<\/h2>\n\n\n\n<h3 class=\"wp-block-heading\">Hvad skal du kigge efter?<\/h3>\n\n\n\n<ul class=\"wp-block-list\">\n<li><strong>M\u00e6rkning<\/strong>: For vinterd\u00e6k og hel\u00e5rsd\u00e6k g\u00e6lder m\u00e6rkning med M+S og \u2013 stadig vigtigere \u2013 bjerg + snefnug (3PMSF) symbol, is\u00e6r hvis du k\u00f8rer i h\u00e5rdt vinterf\u00f8re.<\/li>\n\n\n\n<li><strong>M\u00f8nsterdybde<\/strong>: Minimum lovpligtigt er 1,6 mm, men med vinterd\u00e6k b\u00f8r du sigte h\u00f8jere (fx 4 mm eller mere) for at v\u00e6re komfortabel.<\/li>\n\n\n\n<li><strong>Tilstand &amp; alder<\/strong>: Gummiet h\u00e6rder med alderen \u2013 selv hvis m\u00f8nsterdybden er ok kan \u00e6ldre d\u00e6k v\u00e6re mindre effektive.<\/li>\n\n\n\n<li><strong>Test &amp; anbefalinger<\/strong>: Se test fra FDM og andre organisationer \u2013 vinterd\u00e6k kan variere meget i kvalitet.<\/li>\n<\/ul>\n\n\n\n<h3 class=\"wp-block-heading\">Hvilket valg passer til dig?<\/h3>\n\n\n\n<ul class=\"wp-block-list\">\n<li>Hvis du bor i et omr\u00e5de med <em>meget<\/em> vinter (sne, is, frost) \u2013 s\u00e5 <strong>vinterd\u00e6k<\/strong> er klart det bedste valg.<\/li>\n\n\n\n<li>Hvis du k\u00f8rer moderat og vinterne er milde \u2013 kan <strong>hel\u00e5rsd\u00e6k<\/strong> v\u00e6re et fornuftigt kompromis.<\/li>\n\n\n\n<li>Hvis du prim\u00e6rt k\u00f8rer i sommerhalv\u00e5ret og sj\u00e6ldent vinterk\u00f8rsel \u2013 s\u00e5 sommerd\u00e6k + s\u00e6t vinterd\u00e6k til de kolde m\u00e5neder er optimalt.<\/li>\n\n\n\n<li>Undg\u00e5 at <strong>k\u00f8re \u00e5ret rundt med vinterd\u00e6k<\/strong> \u2013 det medf\u00f8rer \u00f8get slid, d\u00e5rligere ydelse p\u00e5 varme veje, og un\u00f8dvendig \u00f8konomi.<\/li>\n<\/ul>\n\n\n\n<hr class=\"wp-block-separator has-alpha-channel-opacity is-style-dots\"\/>\n\n\n\n<div style=\"height:50px\" aria-hidden=\"true\" class=\"wp-block-spacer\"><\/div>\n\n\n\n<h2 class=\"wp-block-heading\">Konklusion<\/h2>\n\n\n\n<p>Valget af d\u00e6ktype er <strong>ikke<\/strong> kun en teknisk detalje eller et sp\u00f8rgsm\u00e5l om komfort \u2013 det handler om sikkerhed, ansvar og lovgivning. I Danmark har vi hidtil haft relativt lempelige regler sammenlignet med vores nabolande, men nu er der sk\u00e6rpet fokus. K\u00f8rer du med sommerd\u00e6k i vinterf\u00f8re, risikerer du ikke bare d\u00e5rligere greb \u2013 du risikerer <strong>b\u00f8de<\/strong> og potentielt ansvar ved uheld.<\/p>\n\n\n\n<p>Husk altid at:<\/p>\n\n\n\n<div class=\"wp-block-group is-vertical is-layout-flex wp-container-core-group-is-layout-fe9cc265 wp-block-group-is-layout-flex\">\n<div class=\"wp-block-group is-layout-constrained wp-block-group-is-layout-constrained\">\n<div class=\"wp-block-columns is-layout-flex wp-container-core-columns-is-layout-28f84493 wp-block-columns-is-layout-flex\">\n<div class=\"wp-block-column is-layout-flow wp-block-column-is-layout-flow\" style=\"flex-basis:100%\">\n<ul class=\"wp-block-list\">\n<li>have respekt for vejret \u2013 selv gode vinterd\u00e6k kan ikke klare alt.<\/li>\n<\/ul>\n<\/div>\n<\/div>\n<\/div>\n\n\n\n<ul class=\"wp-block-list\">\n<li>v\u00e6lge d\u00e6ktype der passer til dine k\u00f8rselsforhold<\/li>\n<\/ul>\n\n\n\n<ul class=\"wp-block-list\">\n<li>skifte i god tid, ikke for sent<\/li>\n<\/ul>\n\n\n\n<ul class=\"wp-block-list\">\n<li>tjekke d\u00e6kkets tilstand og dybde<\/li>\n<\/ul>\n<\/div>\n\n\n\n<p><\/p>\n\n\n\n<p><\/p>\n","protected":false},"excerpt":{"rendered":"<p>Sommerd\u00e6k vs. vinterd\u00e6k \u2013 Nye regler, og alt du b\u00f8r vide N\u00e5r temperaturerne falder, og vinteren begynder at g\u00f8re sit indtog, bliver valget af d\u00e6k ikke bare et sp\u00f8rgsm\u00e5l om komfort eller \u00f8konomi \u2013 det bliver et sp\u00f8rgsm\u00e5l om sikkerhed. For mange bilister i Danmark bliver sp\u00f8rgsm\u00e5let: skal jeg skifte til vinterd\u00e6k \u2013 og hvis [&hellip;]<\/p>\n","protected":false},"author":1,"featured_media":402,"comment_status":"open","ping_status":"closed","sticky":false,"template":"","format":"standard","meta":{"footnotes":""},"categories":[4],"tags":[],"class_list":["post-401","post","type-post","status-publish","format-standard","has-post-thumbnail","hentry","category-bil-info-paa-bile-dk"],"yoast_head":"<!-- This site is optimized with the Yoast SEO plugin v27.4 - https:\/\/yoast.com\/product\/yoast-seo-wordpress\/ -->\n<title>Sommerd\u00e6k vinterd\u00e6k regler - Bile<\/title>\n<meta name=\"robots\" content=\"index, follow, max-snippet:-1, max-image-preview:large, max-video-preview:-1\" \/>\n<link rel=\"canonical\" href=\"https:\/\/bile.dk\/info\/sommerdaek-vs-vinterdaek-nye-regler-og-alt-du-boer-vide\/\" \/>\n<meta property=\"og:locale\" content=\"da_DK\" \/>\n<meta property=\"og:type\" content=\"article\" \/>\n<meta property=\"og:title\" content=\"Sommerd\u00e6k vinterd\u00e6k regler - Bile\" \/>\n<meta property=\"og:description\" content=\"Sommerd\u00e6k vs. vinterd\u00e6k \u2013 Nye regler, og alt du b\u00f8r vide N\u00e5r temperaturerne falder, og vinteren begynder at g\u00f8re sit indtog, bliver valget af d\u00e6k ikke bare et sp\u00f8rgsm\u00e5l om komfort eller \u00f8konomi \u2013 det bliver et sp\u00f8rgsm\u00e5l om sikkerhed. For mange bilister i Danmark bliver sp\u00f8rgsm\u00e5let: skal jeg skifte til vinterd\u00e6k \u2013 og hvis [&hellip;]\" \/>\n<meta property=\"og:url\" content=\"https:\/\/bile.dk\/info\/sommerdaek-vs-vinterdaek-nye-regler-og-alt-du-boer-vide\/\" \/>\n<meta property=\"og:site_name\" content=\"Bile\" \/>\n<meta property=\"article:published_time\" content=\"2025-10-28T10:05:14+00:00\" \/>\n<meta property=\"article:modified_time\" content=\"2025-11-04T10:58:20+00:00\" \/>\n<meta property=\"og:image\" content=\"https:\/\/bile.dk\/info\/wp-content\/uploads\/2025\/10\/127.jpg\" \/>\n\t<meta property=\"og:image:width\" content=\"700\" \/>\n\t<meta property=\"og:image:height\" content=\"599\" \/>\n\t<meta property=\"og:image:type\" content=\"image\/jpeg\" \/>\n<meta name=\"author\" content=\"admin\" \/>\n<meta name=\"twitter:card\" content=\"summary_large_image\" \/>\n<meta name=\"twitter:label1\" content=\"Skrevet af\" \/>\n\t<meta name=\"twitter:data1\" content=\"admin\" \/>\n\t<meta name=\"twitter:label2\" content=\"Estimeret l\u00e6setid\" \/>\n\t<meta name=\"twitter:data2\" content=\"10 minutter\" \/>\n<script type=\"application\/ld+json\" class=\"yoast-schema-graph\">{\"@context\":\"https:\\\/\\\/schema.org\",\"@graph\":[{\"@type\":\"Article\",\"@id\":\"https:\\\/\\\/bile.dk\\\/info\\\/sommerdaek-vs-vinterdaek-nye-regler-og-alt-du-boer-vide\\\/#article\",\"isPartOf\":{\"@id\":\"https:\\\/\\\/bile.dk\\\/info\\\/sommerdaek-vs-vinterdaek-nye-regler-og-alt-du-boer-vide\\\/\"},\"author\":{\"name\":\"admin\",\"@id\":\"https:\\\/\\\/bile.dk\\\/info\\\/#\\\/schema\\\/person\\\/8a19bc45a4868286d0ae8560c4335d9c\"},\"headline\":\"Sommerd\u00e6k vinterd\u00e6k regler\",\"datePublished\":\"2025-10-28T10:05:14+00:00\",\"dateModified\":\"2025-11-04T10:58:20+00:00\",\"mainEntityOfPage\":{\"@id\":\"https:\\\/\\\/bile.dk\\\/info\\\/sommerdaek-vs-vinterdaek-nye-regler-og-alt-du-boer-vide\\\/\"},\"wordCount\":1799,\"commentCount\":0,\"image\":{\"@id\":\"https:\\\/\\\/bile.dk\\\/info\\\/sommerdaek-vs-vinterdaek-nye-regler-og-alt-du-boer-vide\\\/#primaryimage\"},\"thumbnailUrl\":\"https:\\\/\\\/bile.dk\\\/info\\\/wp-content\\\/uploads\\\/2025\\\/10\\\/127.jpg\",\"articleSection\":[\"Info\"],\"inLanguage\":\"da-DK\"},{\"@type\":\"WebPage\",\"@id\":\"https:\\\/\\\/bile.dk\\\/info\\\/sommerdaek-vs-vinterdaek-nye-regler-og-alt-du-boer-vide\\\/\",\"url\":\"https:\\\/\\\/bile.dk\\\/info\\\/sommerdaek-vs-vinterdaek-nye-regler-og-alt-du-boer-vide\\\/\",\"name\":\"Sommerd\u00e6k vinterd\u00e6k regler - Bile\",\"isPartOf\":{\"@id\":\"https:\\\/\\\/bile.dk\\\/info\\\/#website\"},\"primaryImageOfPage\":{\"@id\":\"https:\\\/\\\/bile.dk\\\/info\\\/sommerdaek-vs-vinterdaek-nye-regler-og-alt-du-boer-vide\\\/#primaryimage\"},\"image\":{\"@id\":\"https:\\\/\\\/bile.dk\\\/info\\\/sommerdaek-vs-vinterdaek-nye-regler-og-alt-du-boer-vide\\\/#primaryimage\"},\"thumbnailUrl\":\"https:\\\/\\\/bile.dk\\\/info\\\/wp-content\\\/uploads\\\/2025\\\/10\\\/127.jpg\",\"datePublished\":\"2025-10-28T10:05:14+00:00\",\"dateModified\":\"2025-11-04T10:58:20+00:00\",\"author\":{\"@id\":\"https:\\\/\\\/bile.dk\\\/info\\\/#\\\/schema\\\/person\\\/8a19bc45a4868286d0ae8560c4335d9c\"},\"breadcrumb\":{\"@id\":\"https:\\\/\\\/bile.dk\\\/info\\\/sommerdaek-vs-vinterdaek-nye-regler-og-alt-du-boer-vide\\\/#breadcrumb\"},\"inLanguage\":\"da-DK\",\"potentialAction\":[{\"@type\":\"ReadAction\",\"target\":[\"https:\\\/\\\/bile.dk\\\/info\\\/sommerdaek-vs-vinterdaek-nye-regler-og-alt-du-boer-vide\\\/\"]}]},{\"@type\":\"ImageObject\",\"inLanguage\":\"da-DK\",\"@id\":\"https:\\\/\\\/bile.dk\\\/info\\\/sommerdaek-vs-vinterdaek-nye-regler-og-alt-du-boer-vide\\\/#primaryimage\",\"url\":\"https:\\\/\\\/bile.dk\\\/info\\\/wp-content\\\/uploads\\\/2025\\\/10\\\/127.jpg\",\"contentUrl\":\"https:\\\/\\\/bile.dk\\\/info\\\/wp-content\\\/uploads\\\/2025\\\/10\\\/127.jpg\",\"width\":700,\"height\":599},{\"@type\":\"BreadcrumbList\",\"@id\":\"https:\\\/\\\/bile.dk\\\/info\\\/sommerdaek-vs-vinterdaek-nye-regler-og-alt-du-boer-vide\\\/#breadcrumb\",\"itemListElement\":[{\"@type\":\"ListItem\",\"position\":1,\"name\":\"Hjem\",\"item\":\"https:\\\/\\\/bile.dk\\\/info\\\/\"},{\"@type\":\"ListItem\",\"position\":2,\"name\":\"Sommerd\u00e6k vinterd\u00e6k regler\"}]},{\"@type\":\"WebSite\",\"@id\":\"https:\\\/\\\/bile.dk\\\/info\\\/#website\",\"url\":\"https:\\\/\\\/bile.dk\\\/info\\\/\",\"name\":\"Bile info blog\",\"description\":\"Information og nyheder om biler\",\"potentialAction\":[{\"@type\":\"SearchAction\",\"target\":{\"@type\":\"EntryPoint\",\"urlTemplate\":\"https:\\\/\\\/bile.dk\\\/info\\\/?s={search_term_string}\"},\"query-input\":{\"@type\":\"PropertyValueSpecification\",\"valueRequired\":true,\"valueName\":\"search_term_string\"}}],\"inLanguage\":\"da-DK\"},{\"@type\":\"Person\",\"@id\":\"https:\\\/\\\/bile.dk\\\/info\\\/#\\\/schema\\\/person\\\/8a19bc45a4868286d0ae8560c4335d9c\",\"name\":\"admin\",\"image\":{\"@type\":\"ImageObject\",\"inLanguage\":\"da-DK\",\"@id\":\"https:\\\/\\\/secure.gravatar.com\\\/avatar\\\/5ef6dd135b5d6a913f1eb2def7130273903367c0e9daf191c7fb9b06652aa7c1?s=96&d=mm&r=g\",\"url\":\"https:\\\/\\\/secure.gravatar.com\\\/avatar\\\/5ef6dd135b5d6a913f1eb2def7130273903367c0e9daf191c7fb9b06652aa7c1?s=96&d=mm&r=g\",\"contentUrl\":\"https:\\\/\\\/secure.gravatar.com\\\/avatar\\\/5ef6dd135b5d6a913f1eb2def7130273903367c0e9daf191c7fb9b06652aa7c1?s=96&d=mm&r=g\",\"caption\":\"admin\"},\"description\":\"Christian Rasmussen admin og skribent p\u00e5 Bile\",\"sameAs\":[\"https:\\\/\\\/bile.dk\\\/\"],\"url\":\"https:\\\/\\\/bile.dk\\\/info\\\/author\\\/cr_xxvcemoh\\\/\"}]}<\/script>\n<!-- \/ Yoast SEO plugin. -->","yoast_head_json":{"title":"Sommerd\u00e6k vinterd\u00e6k regler - Bile","robots":{"index":"index","follow":"follow","max-snippet":"max-snippet:-1","max-image-preview":"max-image-preview:large","max-video-preview":"max-video-preview:-1"},"canonical":"https:\/\/bile.dk\/info\/sommerdaek-vs-vinterdaek-nye-regler-og-alt-du-boer-vide\/","og_locale":"da_DK","og_type":"article","og_title":"Sommerd\u00e6k vinterd\u00e6k regler - Bile","og_description":"Sommerd\u00e6k vs. vinterd\u00e6k \u2013 Nye regler, og alt du b\u00f8r vide N\u00e5r temperaturerne falder, og vinteren begynder at g\u00f8re sit indtog, bliver valget af d\u00e6k ikke bare et sp\u00f8rgsm\u00e5l om komfort eller \u00f8konomi \u2013 det bliver et sp\u00f8rgsm\u00e5l om sikkerhed. For mange bilister i Danmark bliver sp\u00f8rgsm\u00e5let: skal jeg skifte til vinterd\u00e6k \u2013 og hvis [&hellip;]","og_url":"https:\/\/bile.dk\/info\/sommerdaek-vs-vinterdaek-nye-regler-og-alt-du-boer-vide\/","og_site_name":"Bile","article_published_time":"2025-10-28T10:05:14+00:00","article_modified_time":"2025-11-04T10:58:20+00:00","og_image":[{"width":700,"height":599,"url":"https:\/\/bile.dk\/info\/wp-content\/uploads\/2025\/10\/127.jpg","type":"image\/jpeg"}],"author":"admin","twitter_card":"summary_large_image","twitter_misc":{"Skrevet af":"admin","Estimeret l\u00e6setid":"10 minutter"},"schema":{"@context":"https:\/\/schema.org","@graph":[{"@type":"Article","@id":"https:\/\/bile.dk\/info\/sommerdaek-vs-vinterdaek-nye-regler-og-alt-du-boer-vide\/#article","isPartOf":{"@id":"https:\/\/bile.dk\/info\/sommerdaek-vs-vinterdaek-nye-regler-og-alt-du-boer-vide\/"},"author":{"name":"admin","@id":"https:\/\/bile.dk\/info\/#\/schema\/person\/8a19bc45a4868286d0ae8560c4335d9c"},"headline":"Sommerd\u00e6k vinterd\u00e6k regler","datePublished":"2025-10-28T10:05:14+00:00","dateModified":"2025-11-04T10:58:20+00:00","mainEntityOfPage":{"@id":"https:\/\/bile.dk\/info\/sommerdaek-vs-vinterdaek-nye-regler-og-alt-du-boer-vide\/"},"wordCount":1799,"commentCount":0,"image":{"@id":"https:\/\/bile.dk\/info\/sommerdaek-vs-vinterdaek-nye-regler-og-alt-du-boer-vide\/#primaryimage"},"thumbnailUrl":"https:\/\/bile.dk\/info\/wp-content\/uploads\/2025\/10\/127.jpg","articleSection":["Info"],"inLanguage":"da-DK"},{"@type":"WebPage","@id":"https:\/\/bile.dk\/info\/sommerdaek-vs-vinterdaek-nye-regler-og-alt-du-boer-vide\/","url":"https:\/\/bile.dk\/info\/sommerdaek-vs-vinterdaek-nye-regler-og-alt-du-boer-vide\/","name":"Sommerd\u00e6k vinterd\u00e6k regler - Bile","isPartOf":{"@id":"https:\/\/bile.dk\/info\/#website"},"primaryImageOfPage":{"@id":"https:\/\/bile.dk\/info\/sommerdaek-vs-vinterdaek-nye-regler-og-alt-du-boer-vide\/#primaryimage"},"image":{"@id":"https:\/\/bile.dk\/info\/sommerdaek-vs-vinterdaek-nye-regler-og-alt-du-boer-vide\/#primaryimage"},"thumbnailUrl":"https:\/\/bile.dk\/info\/wp-content\/uploads\/2025\/10\/127.jpg","datePublished":"2025-10-28T10:05:14+00:00","dateModified":"2025-11-04T10:58:20+00:00","author":{"@id":"https:\/\/bile.dk\/info\/#\/schema\/person\/8a19bc45a4868286d0ae8560c4335d9c"},"breadcrumb":{"@id":"https:\/\/bile.dk\/info\/sommerdaek-vs-vinterdaek-nye-regler-og-alt-du-boer-vide\/#breadcrumb"},"inLanguage":"da-DK","potentialAction":[{"@type":"ReadAction","target":["https:\/\/bile.dk\/info\/sommerdaek-vs-vinterdaek-nye-regler-og-alt-du-boer-vide\/"]}]},{"@type":"ImageObject","inLanguage":"da-DK","@id":"https:\/\/bile.dk\/info\/sommerdaek-vs-vinterdaek-nye-regler-og-alt-du-boer-vide\/#primaryimage","url":"https:\/\/bile.dk\/info\/wp-content\/uploads\/2025\/10\/127.jpg","contentUrl":"https:\/\/bile.dk\/info\/wp-content\/uploads\/2025\/10\/127.jpg","width":700,"height":599},{"@type":"BreadcrumbList","@id":"https:\/\/bile.dk\/info\/sommerdaek-vs-vinterdaek-nye-regler-og-alt-du-boer-vide\/#breadcrumb","itemListElement":[{"@type":"ListItem","position":1,"name":"Hjem","item":"https:\/\/bile.dk\/info\/"},{"@type":"ListItem","position":2,"name":"Sommerd\u00e6k vinterd\u00e6k regler"}]},{"@type":"WebSite","@id":"https:\/\/bile.dk\/info\/#website","url":"https:\/\/bile.dk\/info\/","name":"Bile info blog","description":"Information og nyheder om biler","potentialAction":[{"@type":"SearchAction","target":{"@type":"EntryPoint","urlTemplate":"https:\/\/bile.dk\/info\/?s={search_term_string}"},"query-input":{"@type":"PropertyValueSpecification","valueRequired":true,"valueName":"search_term_string"}}],"inLanguage":"da-DK"},{"@type":"Person","@id":"https:\/\/bile.dk\/info\/#\/schema\/person\/8a19bc45a4868286d0ae8560c4335d9c","name":"admin","image":{"@type":"ImageObject","inLanguage":"da-DK","@id":"https:\/\/secure.gravatar.com\/avatar\/5ef6dd135b5d6a913f1eb2def7130273903367c0e9daf191c7fb9b06652aa7c1?s=96&d=mm&r=g","url":"https:\/\/secure.gravatar.com\/avatar\/5ef6dd135b5d6a913f1eb2def7130273903367c0e9daf191c7fb9b06652aa7c1?s=96&d=mm&r=g","contentUrl":"https:\/\/secure.gravatar.com\/avatar\/5ef6dd135b5d6a913f1eb2def7130273903367c0e9daf191c7fb9b06652aa7c1?s=96&d=mm&r=g","caption":"admin"},"description":"Christian Rasmussen admin og skribent p\u00e5 Bile","sameAs":["https:\/\/bile.dk\/"],"url":"https:\/\/bile.dk\/info\/author\/cr_xxvcemoh\/"}]}},"_links":{"self":[{"href":"https:\/\/bile.dk\/info\/wp-json\/wp\/v2\/posts\/401","targetHints":{"allow":["GET"]}}],"collection":[{"href":"https:\/\/bile.dk\/info\/wp-json\/wp\/v2\/posts"}],"about":[{"href":"https:\/\/bile.dk\/info\/wp-json\/wp\/v2\/types\/post"}],"author":[{"embeddable":true,"href":"https:\/\/bile.dk\/info\/wp-json\/wp\/v2\/users\/1"}],"replies":[{"embeddable":true,"href":"https:\/\/bile.dk\/info\/wp-json\/wp\/v2\/comments?post=401"}],"version-history":[{"count":11,"href":"https:\/\/bile.dk\/info\/wp-json\/wp\/v2\/posts\/401\/revisions"}],"predecessor-version":[{"id":436,"href":"https:\/\/bile.dk\/info\/wp-json\/wp\/v2\/posts\/401\/revisions\/436"}],"wp:featuredmedia":[{"embeddable":true,"href":"https:\/\/bile.dk\/info\/wp-json\/wp\/v2\/media\/402"}],"wp:attachment":[{"href":"https:\/\/bile.dk\/info\/wp-json\/wp\/v2\/media?parent=401"}],"wp:term":[{"taxonomy":"category","embeddable":true,"href":"https:\/\/bile.dk\/info\/wp-json\/wp\/v2\/categories?post=401"},{"taxonomy":"post_tag","embeddable":true,"href":"https:\/\/bile.dk\/info\/wp-json\/wp\/v2\/tags?post=401"}],"curies":[{"name":"wp","href":"https:\/\/api.w.org\/{rel}","templated":true}]}}